{"id":9100,"date":"2025-07-28T08:05:00","date_gmt":"2025-07-28T06:05:00","guid":{"rendered":"https:\/\/waldkindergarten-berglen.de\/?p=9100"},"modified":"2025-07-27T14:51:24","modified_gmt":"2025-07-27T12:51:24","slug":"abschied-gute-wuensche-und-vielen-dank","status":"publish","type":"post","link":"https:\/\/waldkindergarten-berglen.de\/?p=9100","title":{"rendered":"Abschied, gute W\u00fcnsche und vielen Dank!"},"content":{"rendered":"\n<p>Die letzten Tage vor den Sommerferien stehen ganz im Zeichen des Abschieds, denn f\u00fcr uns hei\u00dft es gleich dreimal \u201eauf Wiedersehen\u201c. Zum einen werden aus unseren \u201eF\u00fcchsen\u201c nun Schulkinder und der \u201eFuchsabschied\u201c wurde gefeiert. Gemeinsam mit den \u201eFuchseltern\u201c besuchten die Kinder ein Kasperletheater im Wald. Hier hat Kasperle die Schult\u00fcte der Prinzessin wieder beschafft, die von der b\u00f6sen Hexe Warzennase geklaut wurde. Zum Gl\u00fcck ist die Schult\u00fcte wieder da und die Prinzessin kann in die Schule gehen um lesen, schreiben und rechnen zu lernen. Anschlie\u00dfend haben die \u201eF\u00fcchse\u201c ihre eigene Schult\u00fcte sowie ihren Ordner voller Fotos und Erinnerungen \u00fcberreicht bekommen. Mit vielen guten W\u00fcnschen und pers\u00f6nlichen Worten wurde jedes Vorschulkind verabschiedet. Alles Gute liebe \u201eF\u00fcchse\u201c und viel Spa\u00df in der Schule!<\/p>\n\n\n\n<figure class=\"wp-block-gallery has-nested-images columns-default is-cropped wp-block-gallery-1 is-layout-flex wp-block-gallery-is-layout-flex\">\n<figure class=\"wp-block-image size-large\"><img loading=\"lazy\" decoding=\"async\" width=\"1024\" height=\"768\" data-id=\"9101\" src=\"https:\/\/waldkindergarten-berglen.de\/wp-content\/uploads\/2025\/07\/Fuchsabschied-1024x768.jpg\" alt=\"\" class=\"wp-image-9101\" srcset=\"https:\/\/waldkindergarten-berglen.de\/wp-content\/uploads\/2025\/07\/Fuchsabschied-1024x768.jpg 1024w, https:\/\/waldkindergarten-berglen.de\/wp-content\/uploads\/2025\/07\/Fuchsabschied-300x225.jpg 300w, https:\/\/waldkindergarten-berglen.de\/wp-content\/uploads\/2025\/07\/Fuchsabschied-768x576.jpg 768w, https:\/\/waldkindergarten-berglen.de\/wp-content\/uploads\/2025\/07\/Fuchsabschied-1536x1152.jpg 1536w, https:\/\/waldkindergarten-berglen.de\/wp-content\/uploads\/2025\/07\/Fuchsabschied-2048x1536.jpg 2048w, https:\/\/waldkindergarten-berglen.de\/wp-content\/uploads\/2025\/07\/Fuchsabschied-982x737.jpg 982w, https:\/\/waldkindergarten-berglen.de\/wp-content\/uploads\/2025\/07\/Fuchsabschied-400x300.jpg 400w\" sizes=\"auto, (max-width: 1024px) 100vw, 1024px\" \/><\/figure>\n<\/figure>\n\n\n\n<p>Auch f\u00fcr unseren Praktikanten endet die Zeit im Waldkindergarten. Er hat die Erzieherinnen im letzten Jahr tatkr\u00e4ftig unterst\u00fctzt und wertvolle Erfahrungen gesammelt. Zum Abschied hat er ein Reisetagebuch f\u00fcr seine bevorstehende Fahrradtour bekommen, das mit vielen guten W\u00fcnschen und gemeinsamen Erinnerungen und Fotos ausgestattet ist. Damit sagen wir \u201evielen Dank und eine gute Reise!\u201c<\/p>\n\n\n\n<p>Besonders emotional wird der Abschied von Petra, die nach 16 Jahren engagierter und liebevoller Arbeit im Waldkindergarten in den wohlverdienten Ruhestand geht. Sie hat schon seit einigen Tagen Urlaub, wird aber zum Abschied noch einen Vormittag mit &nbsp;im Wald verbringen und die gemeinsame Zeit genie\u00dfen. Sie bekommt ein gro\u00dfes Geschenk vom Kindergarten und auch eins von den Kindern. Gegen Mittag kommen auch die Eltern zur Abschiedsfeier dazu. Ihr herzlicher Umgang mit den Kindern und ihr unerm\u00fcdlicher Einsatz werden uns sehr fehlen. Wir sagen von Herzen \u201eDanke\u201c f\u00fcr all die Jahre und w\u00fcnschen ihr einen gesunden und gl\u00fccklichen Ruhestand!<\/p>\n\n\n\n<figure class=\"wp-block-gallery has-nested-images columns-default is-cropped wp-block-gallery-2 is-layout-flex wp-block-gallery-is-layout-flex\">\n<figure class=\"wp-block-image size-large\"><img loading=\"lazy\" decoding=\"async\" width=\"764\" height=\"1020\" data-id=\"9102\" src=\"https:\/\/waldkindergarten-berglen.de\/wp-content\/uploads\/2025\/07\/Petra.jpg\" alt=\"\" class=\"wp-image-9102\" srcset=\"https:\/\/waldkindergarten-berglen.de\/wp-content\/uploads\/2025\/07\/Petra.jpg 764w, https:\/\/waldkindergarten-berglen.de\/wp-content\/uploads\/2025\/07\/Petra-225x300.jpg 225w, https:\/\/waldkindergarten-berglen.de\/wp-content\/uploads\/2025\/07\/Petra-300x400.jpg 300w\" sizes=\"auto, (max-width: 764px) 100vw, 764px\" \/><\/figure>\n<\/figure>\n\n\n\n<p>Last but not least bedanken wir uns herzlich bei der Firma Friz-Dravits Zeltverleih f\u00fcr die gro\u00dfz\u00fcgige Spende zu Gunsten unseres Kindergartens!<\/p>\n\n\n\n<p>Und nun w\u00fcnschen wir allen Lesern eine sch\u00f6ne und erholsame Sommerzeit und verabschieden uns in die Ferien. In den n\u00e4chsten Ausgaben finden Sie hier viele allgemeine Informationen \u00fcber den Waldkindergarten.<\/p>\n\n\n\n<p><strong>Wussten Sie schon?<\/strong><\/p>\n\n\n\n<p>Manche Blumen bl\u00fchen nur nachts, weil sie von nachtaktiven Insekten best\u00e4ubt werden. Viele dieser Pflanzen verstr\u00f6men einen intensiven Duft um die n\u00e4chtlichen Besucher anzulocken.<\/p>\n","protected":false},"excerpt":{"rendered":"<p>Die letzten Tage vor den Sommerferien stehen ganz im Zeichen des Abschieds, denn f\u00fcr uns hei\u00dft es gleich dreimal \u201eauf Wiedersehen\u201c. Zum einen werden aus unseren \u201eF\u00fcchsen\u201c nun Schulkinder und der \u201eFuchsabschied\u201c wurde gefeiert. Gemeinsam mit den \u201eFuchseltern\u201c besuchten die Kinder ein Kasperletheater im Wald. Hier hat Kasperle die Schult\u00fcte der Prinzessin wieder beschafft, die&hellip; <a href=\"https:\/\/waldkindergarten-berglen.de\/?p=9100\" class=\"more-link\">Weiterlesen <span class=\"screen-reader-text\">Abschied, gute W\u00fcnsche und vielen Dank!<\/span><\/a><\/p>\n","protected":false},"author":10,"featured_media":0,"comment_status":"closed","ping_status":"closed","sticky":false,"template":"","format":"standard","meta":{"ngg_post_thumbnail":0,"_jetpack_memberships_contains_paid_content":false,"footnotes":""},"categories":[3],"tags":[],"class_list":["post-9100","post","type-post","status-publish","format-standard","hentry","category-berichte"],"jetpack_featured_media_url":"","jetpack_sharing_enabled":true,"_links":{"self":[{"href":"https:\/\/waldkindergarten-berglen.de\/index.php?rest_route=\/wp\/v2\/posts\/9100","targetHints":{"allow":["GET"]}}],"collection":[{"href":"https:\/\/waldkindergarten-berglen.de\/index.php?rest_route=\/wp\/v2\/posts"}],"about":[{"href":"https:\/\/waldkindergarten-berglen.de\/index.php?rest_route=\/wp\/v2\/types\/post"}],"author":[{"embeddable":true,"href":"https:\/\/waldkindergarten-berglen.de\/index.php?rest_route=\/wp\/v2\/users\/10"}],"replies":[{"embeddable":true,"href":"https:\/\/waldkindergarten-berglen.de\/index.php?rest_route=%2Fwp%2Fv2%2Fcomments&post=9100"}],"version-history":[{"count":1,"href":"https:\/\/waldkindergarten-berglen.de\/index.php?rest_route=\/wp\/v2\/posts\/9100\/revisions"}],"predecessor-version":[{"id":9103,"href":"https:\/\/waldkindergarten-berglen.de\/index.php?rest_route=\/wp\/v2\/posts\/9100\/revisions\/9103"}],"wp:attachment":[{"href":"https:\/\/waldkindergarten-berglen.de\/index.php?rest_route=%2Fwp%2Fv2%2Fmedia&parent=9100"}],"wp:term":[{"taxonomy":"category","embeddable":true,"href":"https:\/\/waldkindergarten-berglen.de\/index.php?rest_route=%2Fwp%2Fv2%2Fcategories&post=9100"},{"taxonomy":"post_tag","embeddable":true,"href":"https:\/\/waldkindergarten-berglen.de\/index.php?rest_route=%2Fwp%2Fv2%2Ftags&post=9100"}],"curies":[{"name":"wp","href":"https:\/\/api.w.org\/{rel}","templated":true}]}}