{"id":9104,"date":"2025-07-28T08:05:00","date_gmt":"2025-07-28T06:05:00","guid":{"rendered":"https:\/\/waldkindergarten-berglen.de\/?p=9104"},"modified":"2025-07-27T15:00:53","modified_gmt":"2025-07-27T13:00:53","slug":"neues-aus-der-waldspielgruppe-104","status":"publish","type":"post","link":"https:\/\/waldkindergarten-berglen.de\/?p=9104","title":{"rendered":"Neues aus der Waldspielgruppe"},"content":{"rendered":"\n<p>Zum letzten Mal vor der Sommerpause trafen wir uns an der Dicken Berta.<\/p>\n\n\n\n<p>Im Morgenkreis haben wir uns nochmal mit den \u201eF\u00fcnf Sinnen\u201c besch\u00e4ftigt und festgestellt, dass wir bisher nur drei davon praktisch erlebt hatten. &nbsp;<strong>F\u00fchlen <\/strong>und <strong>Sehen <\/strong>fehlten noch.<\/p>\n\n\n\n<p>Jeder bekam ein K\u00f6rbchen und wir machten uns auf den Weg zum St\u00fcckle. Dabei sammelten wir Tannenzapfen, St\u00f6cke und Bl\u00e4tter.<\/p>\n\n\n\n<p>Dort angekommen sortierten wir die gesammelten Sch\u00e4tze und machten einen Barfu\u00dfpfad, den wir nat\u00fcrlich direkt ausprobierten. Manche Materialien war angenehm, andere eher spitz und ungewohnt.<\/p>\n\n\n\n<figure class=\"wp-block-gallery has-nested-images columns-default is-cropped wp-block-gallery-1 is-layout-flex wp-block-gallery-is-layout-flex\">\n<figure class=\"wp-block-image size-large\"><img loading=\"lazy\" decoding=\"async\" width=\"578\" height=\"1024\" data-id=\"9105\" src=\"https:\/\/waldkindergarten-berglen.de\/wp-content\/uploads\/2025\/07\/Barfusspfad-578x1024.jpg\" alt=\"\" class=\"wp-image-9105\" srcset=\"https:\/\/waldkindergarten-berglen.de\/wp-content\/uploads\/2025\/07\/Barfusspfad-578x1024.jpg 578w, https:\/\/waldkindergarten-berglen.de\/wp-content\/uploads\/2025\/07\/Barfusspfad-169x300.jpg 169w, https:\/\/waldkindergarten-berglen.de\/wp-content\/uploads\/2025\/07\/Barfusspfad-768x1362.jpg 768w, https:\/\/waldkindergarten-berglen.de\/wp-content\/uploads\/2025\/07\/Barfusspfad-866x1536.jpg 866w, https:\/\/waldkindergarten-berglen.de\/wp-content\/uploads\/2025\/07\/Barfusspfad-982x1741.jpg 982w, https:\/\/waldkindergarten-berglen.de\/wp-content\/uploads\/2025\/07\/Barfusspfad-226x400.jpg 226w, https:\/\/waldkindergarten-berglen.de\/wp-content\/uploads\/2025\/07\/Barfusspfad.jpg 1119w\" sizes=\"auto, (max-width: 578px) 100vw, 578px\" \/><\/figure>\n<\/figure>\n\n\n\n<p>Au\u00dferdem gab es vier F\u00fchlkisten, bei denen wir erraten mussten, was sich darin verbarg \u2013 gar nicht so einfach, wenn man nicht sieht, was man ber\u00fchrt!<\/p>\n\n\n\n<p>An einem weiteren Tisch warteten ein Spiegel, Sonnenbrillen, Fernglas und Lupe auf uns. Wir konnten alles ausprobieren und entdecken, wie unterschiedlich wir die Welt mit unseren Augen wahrnehmen.<\/p>\n\n\n\n<figure class=\"wp-block-gallery has-nested-images columns-default is-cropped wp-block-gallery-2 is-layout-flex wp-block-gallery-is-layout-flex\">\n<figure class=\"wp-block-image size-large\"><img loading=\"lazy\" decoding=\"async\" width=\"768\" height=\"1024\" data-id=\"9106\" src=\"https:\/\/waldkindergarten-berglen.de\/wp-content\/uploads\/2025\/07\/Lupe-768x1024.jpg\" alt=\"\" class=\"wp-image-9106\" srcset=\"https:\/\/waldkindergarten-berglen.de\/wp-content\/uploads\/2025\/07\/Lupe-768x1024.jpg 768w, https:\/\/waldkindergarten-berglen.de\/wp-content\/uploads\/2025\/07\/Lupe-225x300.jpg 225w, https:\/\/waldkindergarten-berglen.de\/wp-content\/uploads\/2025\/07\/Lupe-1152x1536.jpg 1152w, https:\/\/waldkindergarten-berglen.de\/wp-content\/uploads\/2025\/07\/Lupe-1536x2048.jpg 1536w, https:\/\/waldkindergarten-berglen.de\/wp-content\/uploads\/2025\/07\/Lupe-982x1309.jpg 982w, https:\/\/waldkindergarten-berglen.de\/wp-content\/uploads\/2025\/07\/Lupe-300x400.jpg 300w, https:\/\/waldkindergarten-berglen.de\/wp-content\/uploads\/2025\/07\/Lupe-scaled.jpg 1920w\" sizes=\"auto, (max-width: 768px) 100vw, 768px\" \/><\/figure>\n<\/figure>\n\n\n\n<p>Zum Abschluss versammelten wir uns noch einmal im Kreis. Die Kinder, die nach den Ferien in den Kindergarten wechseln, bekamen eine kleine \u00dcberraschung von mir.<\/p>\n\n\n\n<p>Es war eine wunderbare Zeit mit euch und ich freue mich schon sehr auf die n\u00e4chste Gruppe im Herbst!<\/p>\n","protected":false},"excerpt":{"rendered":"<p>Zum letzten Mal vor der Sommerpause trafen wir uns an der Dicken Berta. Im Morgenkreis haben wir uns nochmal mit den \u201eF\u00fcnf Sinnen\u201c besch\u00e4ftigt und festgestellt, dass wir bisher nur drei davon praktisch erlebt hatten. &nbsp;F\u00fchlen und Sehen fehlten noch. Jeder bekam ein K\u00f6rbchen und wir machten uns auf den Weg zum St\u00fcckle. Dabei sammelten&hellip; <a href=\"https:\/\/waldkindergarten-berglen.de\/?p=9104\" class=\"more-link\">Weiterlesen <span class=\"screen-reader-text\">Neues aus der Waldspielgruppe<\/span><\/a><\/p>\n","protected":false},"author":10,"featured_media":0,"comment_status":"closed","ping_status":"closed","sticky":false,"template":"","format":"standard","meta":{"ngg_post_thumbnail":0,"_jetpack_memberships_contains_paid_content":false,"footnotes":""},"categories":[10,8],"tags":[],"class_list":["post-9104","post","type-post","status-publish","format-standard","hentry","category-waldspielgruppenberichte-aktuell","category-waldspielgruppe"],"jetpack_featured_media_url":"","jetpack_sharing_enabled":true,"_links":{"self":[{"href":"https:\/\/waldkindergarten-berglen.de\/index.php?rest_route=\/wp\/v2\/posts\/9104","targetHints":{"allow":["GET"]}}],"collection":[{"href":"https:\/\/waldkindergarten-berglen.de\/index.php?rest_route=\/wp\/v2\/posts"}],"about":[{"href":"https:\/\/waldkindergarten-berglen.de\/index.php?rest_route=\/wp\/v2\/types\/post"}],"author":[{"embeddable":true,"href":"https:\/\/waldkindergarten-berglen.de\/index.php?rest_route=\/wp\/v2\/users\/10"}],"replies":[{"embeddable":true,"href":"https:\/\/waldkindergarten-berglen.de\/index.php?rest_route=%2Fwp%2Fv2%2Fcomments&post=9104"}],"version-history":[{"count":1,"href":"https:\/\/waldkindergarten-berglen.de\/index.php?rest_route=\/wp\/v2\/posts\/9104\/revisions"}],"predecessor-version":[{"id":9107,"href":"https:\/\/waldkindergarten-berglen.de\/index.php?rest_route=\/wp\/v2\/posts\/9104\/revisions\/9107"}],"wp:attachment":[{"href":"https:\/\/waldkindergarten-berglen.de\/index.php?rest_route=%2Fwp%2Fv2%2Fmedia&parent=9104"}],"wp:term":[{"taxonomy":"category","embeddable":true,"href":"https:\/\/waldkindergarten-berglen.de\/index.php?rest_route=%2Fwp%2Fv2%2Fcategories&post=9104"},{"taxonomy":"post_tag","embeddable":true,"href":"https:\/\/waldkindergarten-berglen.de\/index.php?rest_route=%2Fwp%2Fv2%2Ftags&post=9104"}],"curies":[{"name":"wp","href":"https:\/\/api.w.org\/{rel}","templated":true}]}}