{"id":9149,"date":"2025-09-29T08:00:00","date_gmt":"2025-09-29T06:00:00","guid":{"rendered":"https:\/\/waldkindergarten-berglen.de\/?p=9149"},"modified":"2025-09-28T21:01:01","modified_gmt":"2025-09-28T19:01:01","slug":"neues-aus-der-waldspielgruppe-105","status":"publish","type":"post","link":"https:\/\/waldkindergarten-berglen.de\/?p=9149","title":{"rendered":"Neues aus der Waldspielgruppe"},"content":{"rendered":"\n<p>Die Sommerferien sind vorbei und auch die Waldspielgruppe hat wieder gestartet.<\/p>\n\n\n\n<p>Bevor wir uns auf den Weg vom Spielplatz zur Dicken Berta machten, wurde noch jedes Kind einzeln begr\u00fc\u00dft.<\/p>\n\n\n\n<p>Kaum sind wir losgelaufen, kam der gro\u00dfe Kletterberg. Die Kinder, die zum zweiten Mal dabei sind, zeigten den neuen wie gro\u00dfartig man den Berg hinunterrutschen kann.<\/p>\n\n\n\n<p>Als wir dann bei der Dicken Berta ankamen, gabs erstmal Vesper.&nbsp;<\/p>\n\n\n\n<p>Frisch gest\u00e4rkt zeigte sich dann auch der Igel Benjamin, der uns in der Waldspielgruppe immer begleitet.<\/p>\n\n\n\n<p><em>\u201eDer kleine Igel Benjamin hat stacheln an sich dran, an seinem R\u00fccken \u00fcberall, womit er piken kann.\u201c<\/em><\/p>\n\n\n\n<p>Passend zu dem Igelgedicht, das wir h\u00f6rten, durfte jeder einen kleinen Igel aus Lehm formen. Als Stacheln und Augen suchten wir kleine St\u00f6ckchen und Steinchen.<\/p>\n\n\n\n<figure class=\"wp-block-image size-large\"><img loading=\"lazy\" decoding=\"async\" width=\"768\" height=\"1024\" src=\"https:\/\/waldkindergarten-berglen.de\/wp-content\/uploads\/2025\/09\/Igel_formen-768x1024.jpg\" alt=\"\" class=\"wp-image-9150\" srcset=\"https:\/\/waldkindergarten-berglen.de\/wp-content\/uploads\/2025\/09\/Igel_formen-768x1024.jpg 768w, https:\/\/waldkindergarten-berglen.de\/wp-content\/uploads\/2025\/09\/Igel_formen-225x300.jpg 225w, https:\/\/waldkindergarten-berglen.de\/wp-content\/uploads\/2025\/09\/Igel_formen-1152x1536.jpg 1152w, https:\/\/waldkindergarten-berglen.de\/wp-content\/uploads\/2025\/09\/Igel_formen-1536x2048.jpg 1536w, https:\/\/waldkindergarten-berglen.de\/wp-content\/uploads\/2025\/09\/Igel_formen-982x1309.jpg 982w, https:\/\/waldkindergarten-berglen.de\/wp-content\/uploads\/2025\/09\/Igel_formen-300x400.jpg 300w, https:\/\/waldkindergarten-berglen.de\/wp-content\/uploads\/2025\/09\/Igel_formen-scaled.jpg 1920w\" sizes=\"auto, (max-width: 768px) 100vw, 768px\" \/><\/figure>\n\n\n\n<figure class=\"wp-block-image size-large\"><img loading=\"lazy\" decoding=\"async\" width=\"768\" height=\"1024\" src=\"https:\/\/waldkindergarten-berglen.de\/wp-content\/uploads\/2025\/09\/Lehm-Igel-768x1024.jpg\" alt=\"\" class=\"wp-image-9151\" srcset=\"https:\/\/waldkindergarten-berglen.de\/wp-content\/uploads\/2025\/09\/Lehm-Igel-768x1024.jpg 768w, https:\/\/waldkindergarten-berglen.de\/wp-content\/uploads\/2025\/09\/Lehm-Igel-225x300.jpg 225w, https:\/\/waldkindergarten-berglen.de\/wp-content\/uploads\/2025\/09\/Lehm-Igel-1152x1536.jpg 1152w, https:\/\/waldkindergarten-berglen.de\/wp-content\/uploads\/2025\/09\/Lehm-Igel-1536x2048.jpg 1536w, https:\/\/waldkindergarten-berglen.de\/wp-content\/uploads\/2025\/09\/Lehm-Igel-982x1309.jpg 982w, https:\/\/waldkindergarten-berglen.de\/wp-content\/uploads\/2025\/09\/Lehm-Igel-300x400.jpg 300w, https:\/\/waldkindergarten-berglen.de\/wp-content\/uploads\/2025\/09\/Lehm-Igel-scaled.jpg 1920w\" sizes=\"auto, (max-width: 768px) 100vw, 768px\" \/><\/figure>\n\n\n\n<p><\/p>\n","protected":false},"excerpt":{"rendered":"<p>Die Sommerferien sind vorbei und auch die Waldspielgruppe hat wieder gestartet. Bevor wir uns auf den Weg vom Spielplatz zur Dicken Berta machten, wurde noch jedes Kind einzeln begr\u00fc\u00dft. Kaum sind wir losgelaufen, kam der gro\u00dfe Kletterberg. Die Kinder, die zum zweiten Mal dabei sind, zeigten den neuen wie gro\u00dfartig man den Berg hinunterrutschen kann.&hellip; <a href=\"https:\/\/waldkindergarten-berglen.de\/?p=9149\" class=\"more-link\">Weiterlesen <span class=\"screen-reader-text\">Neues aus der Waldspielgruppe<\/span><\/a><\/p>\n","protected":false},"author":8,"featured_media":0,"comment_status":"closed","ping_status":"closed","sticky":false,"template":"","format":"standard","meta":{"ngg_post_thumbnail":0,"_jetpack_memberships_contains_paid_content":false,"footnotes":""},"categories":[10],"tags":[],"class_list":["post-9149","post","type-post","status-publish","format-standard","hentry","category-waldspielgruppenberichte-aktuell"],"jetpack_featured_media_url":"","jetpack_sharing_enabled":true,"_links":{"self":[{"href":"https:\/\/waldkindergarten-berglen.de\/index.php?rest_route=\/wp\/v2\/posts\/9149","targetHints":{"allow":["GET"]}}],"collection":[{"href":"https:\/\/waldkindergarten-berglen.de\/index.php?rest_route=\/wp\/v2\/posts"}],"about":[{"href":"https:\/\/waldkindergarten-berglen.de\/index.php?rest_route=\/wp\/v2\/types\/post"}],"author":[{"embeddable":true,"href":"https:\/\/waldkindergarten-berglen.de\/index.php?rest_route=\/wp\/v2\/users\/8"}],"replies":[{"embeddable":true,"href":"https:\/\/waldkindergarten-berglen.de\/index.php?rest_route=%2Fwp%2Fv2%2Fcomments&post=9149"}],"version-history":[{"count":1,"href":"https:\/\/waldkindergarten-berglen.de\/index.php?rest_route=\/wp\/v2\/posts\/9149\/revisions"}],"predecessor-version":[{"id":9152,"href":"https:\/\/waldkindergarten-berglen.de\/index.php?rest_route=\/wp\/v2\/posts\/9149\/revisions\/9152"}],"wp:attachment":[{"href":"https:\/\/waldkindergarten-berglen.de\/index.php?rest_route=%2Fwp%2Fv2%2Fmedia&parent=9149"}],"wp:term":[{"taxonomy":"category","embeddable":true,"href":"https:\/\/waldkindergarten-berglen.de\/index.php?rest_route=%2Fwp%2Fv2%2Fcategories&post=9149"},{"taxonomy":"post_tag","embeddable":true,"href":"https:\/\/waldkindergarten-berglen.de\/index.php?rest_route=%2Fwp%2Fv2%2Ftags&post=9149"}],"curies":[{"name":"wp","href":"https:\/\/api.w.org\/{rel}","templated":true}]}}