{"id":9176,"date":"2025-10-20T08:05:00","date_gmt":"2025-10-20T06:05:00","guid":{"rendered":"https:\/\/waldkindergarten-berglen.de\/?p=9176"},"modified":"2025-10-19T13:26:53","modified_gmt":"2025-10-19T11:26:53","slug":"einladung-zur-hauptversammlung-kleine-handwerker-und-grosse-helfer","status":"publish","type":"post","link":"https:\/\/waldkindergarten-berglen.de\/?p=9176","title":{"rendered":"Einladung zur Hauptversammlung, kleine Handwerker und gro\u00dfe Helfer"},"content":{"rendered":"\n<p>Bevor wir aus unserer erlebnisreichen Kindergartenwoche berichten, starten wir mit einer Einladung:<\/p>\n\n\n\n<div class=\"wp-block-group\"><div class=\"wp-block-group__inner-container is-layout-constrained wp-block-group-is-layout-constrained\">\n<p>Wir laden unsere Mitglieder zur diesj\u00e4hrigen <\/p>\n\n\n\n<p><strong>Jahreshauptversammlung<\/strong><\/p>\n\n\n\n<p>am Freitag, 24. Oktober 2025 um 19 Uhr<\/p>\n\n\n\n<p>im B\u00fcrgerhaus in Rettersburg ein.<\/p>\n\n\n\n<p>Folgende Tagesordnungspunkte sind vorgesehen:<\/p>\n\n\n\n<ol class=\"wp-block-list\">\n<li>Begr\u00fc\u00dfung<\/li>\n\n\n\n<li>Bericht des Vorstandes<\/li>\n\n\n\n<li>Bericht des Schatzmeisters<\/li>\n\n\n\n<li>Vorlage des Haushaltsplanes<\/li>\n\n\n\n<li>Bericht der Kassenpr\u00fcfer<\/li>\n\n\n\n<li>Entlastung des Vorstandes<\/li>\n\n\n\n<li>Neuwahlen<\/li>\n\n\n\n<li>Antr\u00e4ge und Verschiedenes<\/li>\n<\/ol>\n\n\n\n<p>Wir freuen uns auf viele Mitglieder.<\/p>\n<\/div><\/div>\n\n\n\n<p>Aus der Kindergartenwoche k\u00f6nnen wir von tollem&nbsp; Herbstwetter, bunten Bl\u00e4ttern und viel Sonnenschein erz\u00e4hlen. Das haben die Kinder nat\u00fcrlich in vollen Z\u00fcgen genossen und waren auf den umliegenden Wiesen und am \u201eKullerberg\u201c unterwegs. Sie haben gespielt, gemalt und sind die H\u00e4nge hinab gekullert. Im Morgenkreis ging es um N\u00fcsse, Maronen und Eicheln. Mehrmals konnten sie auch das Eichh\u00f6rnchen Frieda beobachten, das die von den Kindern mitgebrachten N\u00fcsse gesammelt hat. Au\u00dferdem wurden noch die Erntedenkgaben weiter verarbeitet: an einem Tag haben sie Maronen \u00fcber dem Feuer ger\u00f6stet und an einem anderen Tag einen leckeren Kartoffel-K\u00fcrbis-Auflauf im Lehmofen zubereitet.<\/p>\n\n\n\n<figure class=\"wp-block-image size-large\"><img loading=\"lazy\" decoding=\"async\" width=\"768\" height=\"1024\" src=\"https:\/\/waldkindergarten-berglen.de\/wp-content\/uploads\/2025\/10\/kochen-768x1024.jpg\" alt=\"\" class=\"wp-image-9177\" srcset=\"https:\/\/waldkindergarten-berglen.de\/wp-content\/uploads\/2025\/10\/kochen-768x1024.jpg 768w, https:\/\/waldkindergarten-berglen.de\/wp-content\/uploads\/2025\/10\/kochen-225x300.jpg 225w, https:\/\/waldkindergarten-berglen.de\/wp-content\/uploads\/2025\/10\/kochen-1152x1536.jpg 1152w, https:\/\/waldkindergarten-berglen.de\/wp-content\/uploads\/2025\/10\/kochen-982x1309.jpg 982w, https:\/\/waldkindergarten-berglen.de\/wp-content\/uploads\/2025\/10\/kochen-300x400.jpg 300w, https:\/\/waldkindergarten-berglen.de\/wp-content\/uploads\/2025\/10\/kochen.jpg 1200w\" sizes=\"auto, (max-width: 768px) 100vw, 768px\" \/><\/figure>\n\n\n\n<p>F\u00fcr die Vorschulkinder stand diese Woche der \u201eWerkstattf\u00fchrerschein\u201c auf dem Programm. Stolz haben sich unsere \u201eF\u00fcchse\u201c hierzu auf dem St\u00fcckle eingefunden um alles Wichtige \u00fcber S\u00e4gen, Hammer und Co zu lernen: Wie hei\u00dfen die Werkzeuge? Wie geht man richtig mit ihnen um? Was ist ein Fuchsschwanz und was eine B\u00fcgels\u00e4ge? Als alle Fragen gekl\u00e4rt waren, ging es ans Ausprobieren: S\u00e4gen, h\u00e4mmern, N\u00e4gel mit der Bei\u00dfzange entfernen sowie Holzleim und Zwinge benutzen. Mit Feuereifer waren die&nbsp; kleinen Handwerker dabei und haben es gro\u00dfartig gemacht. Im Anschluss hat jedes Kind sein \u201eWerkzeugdiplom\u201c bekommen.<\/p>\n\n\n\n<figure class=\"wp-block-gallery has-nested-images columns-default is-cropped wp-block-gallery-1 is-layout-flex wp-block-gallery-is-layout-flex\">\n<figure class=\"wp-block-image size-large\"><img loading=\"lazy\" decoding=\"async\" width=\"768\" height=\"1024\" data-id=\"9178\" src=\"https:\/\/waldkindergarten-berglen.de\/wp-content\/uploads\/2025\/10\/saegen-768x1024.jpg\" alt=\"\" class=\"wp-image-9178\" srcset=\"https:\/\/waldkindergarten-berglen.de\/wp-content\/uploads\/2025\/10\/saegen-768x1024.jpg 768w, https:\/\/waldkindergarten-berglen.de\/wp-content\/uploads\/2025\/10\/saegen-225x300.jpg 225w, https:\/\/waldkindergarten-berglen.de\/wp-content\/uploads\/2025\/10\/saegen-1152x1536.jpg 1152w, https:\/\/waldkindergarten-berglen.de\/wp-content\/uploads\/2025\/10\/saegen-982x1309.jpg 982w, https:\/\/waldkindergarten-berglen.de\/wp-content\/uploads\/2025\/10\/saegen-300x400.jpg 300w, https:\/\/waldkindergarten-berglen.de\/wp-content\/uploads\/2025\/10\/saegen.jpg 1200w\" sizes=\"auto, (max-width: 768px) 100vw, 768px\" \/><\/figure>\n<\/figure>\n\n\n\n<p>Am Samstag haben sich die Eltern zum gemeinsamen Arbeitseinsatz getroffen und vieles f\u00fcr den Kindergarten geschafft: Die Werkstatth\u00fctte hat ein Vordach bekommen, ein Vesperkreis wurde erneuert, das Weidentipi von Totholz befreit, Waldsofas aufgepolstert, Holz gespalten und vieles mehr. Es war ein rundum gelungener und sch\u00f6ner gemeinsamer Tag! Vielen Dank an alle Helfer!<\/p>\n\n\n\n<figure class=\"wp-block-gallery has-nested-images columns-default is-cropped wp-block-gallery-2 is-layout-flex wp-block-gallery-is-layout-flex\">\n<figure class=\"wp-block-image size-large\"><img loading=\"lazy\" decoding=\"async\" width=\"1024\" height=\"768\" data-id=\"9179\" src=\"https:\/\/waldkindergarten-berglen.de\/wp-content\/uploads\/2025\/10\/Traktor-1024x768.jpg\" alt=\"\" class=\"wp-image-9179\" srcset=\"https:\/\/waldkindergarten-berglen.de\/wp-content\/uploads\/2025\/10\/Traktor-1024x768.jpg 1024w, https:\/\/waldkindergarten-berglen.de\/wp-content\/uploads\/2025\/10\/Traktor-300x225.jpg 300w, https:\/\/waldkindergarten-berglen.de\/wp-content\/uploads\/2025\/10\/Traktor-768x576.jpg 768w, https:\/\/waldkindergarten-berglen.de\/wp-content\/uploads\/2025\/10\/Traktor-1536x1152.jpg 1536w, https:\/\/waldkindergarten-berglen.de\/wp-content\/uploads\/2025\/10\/Traktor-982x737.jpg 982w, https:\/\/waldkindergarten-berglen.de\/wp-content\/uploads\/2025\/10\/Traktor-400x300.jpg 400w, https:\/\/waldkindergarten-berglen.de\/wp-content\/uploads\/2025\/10\/Traktor.jpg 1600w\" sizes=\"auto, (max-width: 1024px) 100vw, 1024px\" \/><\/figure>\n<\/figure>\n\n\n\n<p><strong>Wussten Sie schon?<\/strong><\/p>\n\n\n\n<p>Der buschige Schwanz des Eichh\u00f6rnchens hat unter anderem die Funktion der Thermoregulation, denn er kann ein zusammengerollt liegendes Eichh\u00f6rnchen komplett bedecken.<\/p>\n","protected":false},"excerpt":{"rendered":"<p>Bevor wir aus unserer erlebnisreichen Kindergartenwoche berichten, starten wir mit einer Einladung: Wir laden unsere Mitglieder zur diesj\u00e4hrigen Jahreshauptversammlung am Freitag, 24. Oktober 2025 um 19 Uhr im B\u00fcrgerhaus in Rettersburg ein. Folgende Tagesordnungspunkte sind vorgesehen: Wir freuen uns auf viele Mitglieder. Aus der Kindergartenwoche k\u00f6nnen wir von tollem&nbsp; Herbstwetter, bunten Bl\u00e4ttern und viel Sonnenschein&hellip; <a href=\"https:\/\/waldkindergarten-berglen.de\/?p=9176\" class=\"more-link\">Weiterlesen <span class=\"screen-reader-text\">Einladung zur Hauptversammlung, kleine Handwerker und gro\u00dfe Helfer<\/span><\/a><\/p>\n","protected":false},"author":10,"featured_media":0,"comment_status":"closed","ping_status":"closed","sticky":false,"template":"","format":"standard","meta":{"ngg_post_thumbnail":0,"_jetpack_memberships_contains_paid_content":false,"footnotes":""},"categories":[3],"tags":[],"class_list":["post-9176","post","type-post","status-publish","format-standard","hentry","category-berichte"],"jetpack_featured_media_url":"","jetpack_sharing_enabled":true,"_links":{"self":[{"href":"https:\/\/waldkindergarten-berglen.de\/index.php?rest_route=\/wp\/v2\/posts\/9176","targetHints":{"allow":["GET"]}}],"collection":[{"href":"https:\/\/waldkindergarten-berglen.de\/index.php?rest_route=\/wp\/v2\/posts"}],"about":[{"href":"https:\/\/waldkindergarten-berglen.de\/index.php?rest_route=\/wp\/v2\/types\/post"}],"author":[{"embeddable":true,"href":"https:\/\/waldkindergarten-berglen.de\/index.php?rest_route=\/wp\/v2\/users\/10"}],"replies":[{"embeddable":true,"href":"https:\/\/waldkindergarten-berglen.de\/index.php?rest_route=%2Fwp%2Fv2%2Fcomments&post=9176"}],"version-history":[{"count":1,"href":"https:\/\/waldkindergarten-berglen.de\/index.php?rest_route=\/wp\/v2\/posts\/9176\/revisions"}],"predecessor-version":[{"id":9180,"href":"https:\/\/waldkindergarten-berglen.de\/index.php?rest_route=\/wp\/v2\/posts\/9176\/revisions\/9180"}],"wp:attachment":[{"href":"https:\/\/waldkindergarten-berglen.de\/index.php?rest_route=%2Fwp%2Fv2%2Fmedia&parent=9176"}],"wp:term":[{"taxonomy":"category","embeddable":true,"href":"https:\/\/waldkindergarten-berglen.de\/index.php?rest_route=%2Fwp%2Fv2%2Fcategories&post=9176"},{"taxonomy":"post_tag","embeddable":true,"href":"https:\/\/waldkindergarten-berglen.de\/index.php?rest_route=%2Fwp%2Fv2%2Ftags&post=9176"}],"curies":[{"name":"wp","href":"https:\/\/api.w.org\/{rel}","templated":true}]}}