{"id":9181,"date":"2025-10-20T08:05:00","date_gmt":"2025-10-20T06:05:00","guid":{"rendered":"https:\/\/waldkindergarten-berglen.de\/?p=9181"},"modified":"2025-10-19T13:39:28","modified_gmt":"2025-10-19T11:39:28","slug":"neues-aus-der-waldspielgruppe-108","status":"publish","type":"post","link":"https:\/\/waldkindergarten-berglen.de\/?p=9181","title":{"rendered":"Neues aus der Waldspielgruppe"},"content":{"rendered":"\n<p>Am Dienstag trafen wir uns bei wundersch\u00f6nem, sonnig-herbstlichem Wetter an der \u201eDicken Berta\u201c zu unserem Morgenkreis.<\/p>\n\n\n\n<p>Gemeinsam lauschten wir der Geschichte eines kleinen Sch\u00e4fchens, das neugierig allein spazieren ging und pl\u00f6tzlich verschwunden war. Der Hirte machte sich sofort auf die Suche, bis er sein Sch\u00e4fchen schlie\u00dflich fand und es liebevoll ins warme Stroh legte.<\/p>\n\n\n\n<p>Anschlie\u00dfend packten wir unsere Sachen zusammen und machten uns auf den Weg zum St\u00fcckle des Waldkindergartens.<\/p>\n\n\n\n<p>Dort angekommen, wurde zun\u00e4chst gevespert und fr\u00f6hlich gespielt. <\/p>\n\n\n\n<figure class=\"wp-block-gallery has-nested-images columns-default is-cropped wp-block-gallery-1 is-layout-flex wp-block-gallery-is-layout-flex\">\n<figure class=\"wp-block-image size-large\"><img loading=\"lazy\" decoding=\"async\" width=\"768\" height=\"1024\" data-id=\"9183\" src=\"https:\/\/waldkindergarten-berglen.de\/wp-content\/uploads\/2025\/10\/Haengematte-768x1024.jpg\" alt=\"\" class=\"wp-image-9183\" srcset=\"https:\/\/waldkindergarten-berglen.de\/wp-content\/uploads\/2025\/10\/Haengematte-768x1024.jpg 768w, https:\/\/waldkindergarten-berglen.de\/wp-content\/uploads\/2025\/10\/Haengematte-225x300.jpg 225w, https:\/\/waldkindergarten-berglen.de\/wp-content\/uploads\/2025\/10\/Haengematte-1152x1536.jpg 1152w, https:\/\/waldkindergarten-berglen.de\/wp-content\/uploads\/2025\/10\/Haengematte-1536x2048.jpg 1536w, https:\/\/waldkindergarten-berglen.de\/wp-content\/uploads\/2025\/10\/Haengematte-982x1309.jpg 982w, https:\/\/waldkindergarten-berglen.de\/wp-content\/uploads\/2025\/10\/Haengematte-300x400.jpg 300w, https:\/\/waldkindergarten-berglen.de\/wp-content\/uploads\/2025\/10\/Haengematte-scaled.jpg 1920w\" sizes=\"auto, (max-width: 768px) 100vw, 768px\" \/><\/figure>\n<\/figure>\n\n\n\n<p>Wer mochte, konnte au\u00dferdem kleine Kugeln aus Filzwolle formen, daraus entstanden am Ende lauter h\u00fcbsche kleine Eicheln.<\/p>\n\n\n\n<figure class=\"wp-block-gallery has-nested-images columns-default is-cropped wp-block-gallery-2 is-layout-flex wp-block-gallery-is-layout-flex\">\n<figure class=\"wp-block-image size-large\"><img loading=\"lazy\" decoding=\"async\" width=\"768\" height=\"1024\" data-id=\"9182\" src=\"https:\/\/waldkindergarten-berglen.de\/wp-content\/uploads\/2025\/10\/Filzwolle-768x1024.jpg\" alt=\"\" class=\"wp-image-9182\" srcset=\"https:\/\/waldkindergarten-berglen.de\/wp-content\/uploads\/2025\/10\/Filzwolle-768x1024.jpg 768w, https:\/\/waldkindergarten-berglen.de\/wp-content\/uploads\/2025\/10\/Filzwolle-225x300.jpg 225w, https:\/\/waldkindergarten-berglen.de\/wp-content\/uploads\/2025\/10\/Filzwolle-1152x1536.jpg 1152w, https:\/\/waldkindergarten-berglen.de\/wp-content\/uploads\/2025\/10\/Filzwolle-1536x2048.jpg 1536w, https:\/\/waldkindergarten-berglen.de\/wp-content\/uploads\/2025\/10\/Filzwolle-982x1309.jpg 982w, https:\/\/waldkindergarten-berglen.de\/wp-content\/uploads\/2025\/10\/Filzwolle-300x400.jpg 300w, https:\/\/waldkindergarten-berglen.de\/wp-content\/uploads\/2025\/10\/Filzwolle-scaled.jpg 1920w\" sizes=\"auto, (max-width: 768px) 100vw, 768px\" \/><\/figure>\n<\/figure>\n","protected":false},"excerpt":{"rendered":"<p>Am Dienstag trafen wir uns bei wundersch\u00f6nem, sonnig-herbstlichem Wetter an der \u201eDicken Berta\u201c zu unserem Morgenkreis. Gemeinsam lauschten wir der Geschichte eines kleinen Sch\u00e4fchens, das neugierig allein spazieren ging und pl\u00f6tzlich verschwunden war. Der Hirte machte sich sofort auf die Suche, bis er sein Sch\u00e4fchen schlie\u00dflich fand und es liebevoll ins warme Stroh legte. Anschlie\u00dfend&hellip; <a href=\"https:\/\/waldkindergarten-berglen.de\/?p=9181\" class=\"more-link\">Weiterlesen <span class=\"screen-reader-text\">Neues aus der Waldspielgruppe<\/span><\/a><\/p>\n","protected":false},"author":10,"featured_media":0,"comment_status":"closed","ping_status":"closed","sticky":false,"template":"","format":"standard","meta":{"ngg_post_thumbnail":0,"_jetpack_memberships_contains_paid_content":false,"footnotes":""},"categories":[8],"tags":[],"class_list":["post-9181","post","type-post","status-publish","format-standard","hentry","category-waldspielgruppe"],"jetpack_featured_media_url":"","jetpack_sharing_enabled":true,"_links":{"self":[{"href":"https:\/\/waldkindergarten-berglen.de\/index.php?rest_route=\/wp\/v2\/posts\/9181","targetHints":{"allow":["GET"]}}],"collection":[{"href":"https:\/\/waldkindergarten-berglen.de\/index.php?rest_route=\/wp\/v2\/posts"}],"about":[{"href":"https:\/\/waldkindergarten-berglen.de\/index.php?rest_route=\/wp\/v2\/types\/post"}],"author":[{"embeddable":true,"href":"https:\/\/waldkindergarten-berglen.de\/index.php?rest_route=\/wp\/v2\/users\/10"}],"replies":[{"embeddable":true,"href":"https:\/\/waldkindergarten-berglen.de\/index.php?rest_route=%2Fwp%2Fv2%2Fcomments&post=9181"}],"version-history":[{"count":1,"href":"https:\/\/waldkindergarten-berglen.de\/index.php?rest_route=\/wp\/v2\/posts\/9181\/revisions"}],"predecessor-version":[{"id":9184,"href":"https:\/\/waldkindergarten-berglen.de\/index.php?rest_route=\/wp\/v2\/posts\/9181\/revisions\/9184"}],"wp:attachment":[{"href":"https:\/\/waldkindergarten-berglen.de\/index.php?rest_route=%2Fwp%2Fv2%2Fmedia&parent=9181"}],"wp:term":[{"taxonomy":"category","embeddable":true,"href":"https:\/\/waldkindergarten-berglen.de\/index.php?rest_route=%2Fwp%2Fv2%2Fcategories&post=9181"},{"taxonomy":"post_tag","embeddable":true,"href":"https:\/\/waldkindergarten-berglen.de\/index.php?rest_route=%2Fwp%2Fv2%2Ftags&post=9181"}],"curies":[{"name":"wp","href":"https:\/\/api.w.org\/{rel}","templated":true}]}}