{"id":9203,"date":"2025-10-27T08:05:00","date_gmt":"2025-10-27T07:05:00","guid":{"rendered":"https:\/\/waldkindergarten-berglen.de\/?p=9203"},"modified":"2025-10-26T22:07:25","modified_gmt":"2025-10-26T21:07:25","slug":"stuermischer-herbst-die-vier-elemente-und-die-jahreshauptversammlung","status":"publish","type":"post","link":"https:\/\/waldkindergarten-berglen.de\/?p=9203","title":{"rendered":"St\u00fcrmischer Herbst, die vier Elemente und die Jahreshauptversammlung"},"content":{"rendered":"\n<p>n der letzten Woche zeigte der Herbst so richtig, was er kann und lie\u00df das auch die Waldkinder sp\u00fcren: Wechselhaftes Wetter, Sturm, Wind und Regen. Er brachte so nat\u00fcrlich auch vielen neue Spielideen und -anregungen f\u00fcr unsere Waldkinder mit.&nbsp;<\/p>\n\n\n\n<p>Am Mittwoch wurde das geplante Programm allerdings im wahrsten Sinne des Wortes weggeweht. Die \u201eFuchsschule\u201c der Vorschulkinder musste wegen des Sturms und starken Regens nach Innen verlagert werden. So wurde nicht wie geplant das gemeinsame Fuchs-Werkst\u00fcck, eine Kugelbahn, gebaut, sondern es entstanden erstmal \u201enur\u201c in der Fantasie der Kinder ihre Traum-Kugelbahnen und wurden gem\u00fctlich mit Buntstiften auf Papiere gemalt.<\/p>\n\n\n\n<p>Auch die kleineren Kinder verbrachten den st\u00fcrmischsten Teil des Vormittags in den Schutzh\u00fctten.&nbsp;<\/p>\n\n\n\n<p>Au\u00dferdem starteten unsere Waldkinder in ihr Jahresthema \u201eDie vier Elemente\u201c. Zum Auftakt erz\u00e4hlten und spielten die Erzieherinnen eine Geschichte vor, in der die vier Elemente stritten, wer das beste und wichtigste von ihnen ist. Mithilfe des kleinen Waldzwergs Archibald stellten die Elemente dann schlussendlich fest, dass sie alle besonders und wichtig und gemeinsam am allerbesten sind. Gebannt h\u00f6rten und sahen die Kindergartenkinder zu und auch in den kommenden Tagen begleitete sie die Geschichte weiter.<\/p>\n\n\n\n<figure class=\"wp-block-image size-large\"><img loading=\"lazy\" decoding=\"async\" width=\"1024\" height=\"768\" src=\"https:\/\/waldkindergarten-berglen.de\/wp-content\/uploads\/2025\/10\/Elemente-1024x768.jpg\" alt=\"\" class=\"wp-image-9204\" srcset=\"https:\/\/waldkindergarten-berglen.de\/wp-content\/uploads\/2025\/10\/Elemente-1024x768.jpg 1024w, https:\/\/waldkindergarten-berglen.de\/wp-content\/uploads\/2025\/10\/Elemente-300x225.jpg 300w, https:\/\/waldkindergarten-berglen.de\/wp-content\/uploads\/2025\/10\/Elemente-768x576.jpg 768w, https:\/\/waldkindergarten-berglen.de\/wp-content\/uploads\/2025\/10\/Elemente-1536x1152.jpg 1536w, https:\/\/waldkindergarten-berglen.de\/wp-content\/uploads\/2025\/10\/Elemente-982x737.jpg 982w, https:\/\/waldkindergarten-berglen.de\/wp-content\/uploads\/2025\/10\/Elemente-400x300.jpg 400w, https:\/\/waldkindergarten-berglen.de\/wp-content\/uploads\/2025\/10\/Elemente.jpg 1600w\" sizes=\"auto, (max-width: 1024px) 100vw, 1024px\" \/><\/figure>\n\n\n\n<figure class=\"wp-block-image size-large\"><img loading=\"lazy\" decoding=\"async\" width=\"1024\" height=\"768\" src=\"https:\/\/waldkindergarten-berglen.de\/wp-content\/uploads\/2025\/10\/IMG-20251024-WA0033-1024x768.jpg\" alt=\"\" class=\"wp-image-9207\" srcset=\"https:\/\/waldkindergarten-berglen.de\/wp-content\/uploads\/2025\/10\/IMG-20251024-WA0033-1024x768.jpg 1024w, https:\/\/waldkindergarten-berglen.de\/wp-content\/uploads\/2025\/10\/IMG-20251024-WA0033-300x225.jpg 300w, https:\/\/waldkindergarten-berglen.de\/wp-content\/uploads\/2025\/10\/IMG-20251024-WA0033-768x576.jpg 768w, https:\/\/waldkindergarten-berglen.de\/wp-content\/uploads\/2025\/10\/IMG-20251024-WA0033-1536x1152.jpg 1536w, https:\/\/waldkindergarten-berglen.de\/wp-content\/uploads\/2025\/10\/IMG-20251024-WA0033-982x737.jpg 982w, https:\/\/waldkindergarten-berglen.de\/wp-content\/uploads\/2025\/10\/IMG-20251024-WA0033-400x300.jpg 400w, https:\/\/waldkindergarten-berglen.de\/wp-content\/uploads\/2025\/10\/IMG-20251024-WA0033.jpg 1600w\" sizes=\"auto, (max-width: 1024px) 100vw, 1024px\" \/><\/figure>\n\n\n\n<p>Bei der Wichtelgruppe fand in dieser Woche zudem die erste Waldtaufe in diesem Kindergartenjahr statt, bei der das Ankommen der neuen Kinder im Waldkindergarten gefeiert wird. Von der Traumfee Calendula bekamen diese liebevoll vorbereitete \u201eMond-Kekse\u201c mit \u201eMondschimmer\u201c geschenkt sowie ihren Karabiner, mit dem sie nun auch die verl\u00e4ngerten \u00d6ffnungszeiten besuchen k\u00f6nnen. Was f\u00fcr ein tolles Erlebnis f\u00fcr unsere neuen M\u00e4uschen!<\/p>\n\n\n\n<figure class=\"wp-block-image size-large\"><img loading=\"lazy\" decoding=\"async\" width=\"1024\" height=\"768\" src=\"https:\/\/waldkindergarten-berglen.de\/wp-content\/uploads\/2025\/10\/Waldtaufe-1024x768.jpg\" alt=\"\" class=\"wp-image-9205\" srcset=\"https:\/\/waldkindergarten-berglen.de\/wp-content\/uploads\/2025\/10\/Waldtaufe-1024x768.jpg 1024w, https:\/\/waldkindergarten-berglen.de\/wp-content\/uploads\/2025\/10\/Waldtaufe-300x225.jpg 300w, https:\/\/waldkindergarten-berglen.de\/wp-content\/uploads\/2025\/10\/Waldtaufe-768x576.jpg 768w, https:\/\/waldkindergarten-berglen.de\/wp-content\/uploads\/2025\/10\/Waldtaufe-1536x1152.jpg 1536w, https:\/\/waldkindergarten-berglen.de\/wp-content\/uploads\/2025\/10\/Waldtaufe-982x737.jpg 982w, https:\/\/waldkindergarten-berglen.de\/wp-content\/uploads\/2025\/10\/Waldtaufe-400x300.jpg 400w, https:\/\/waldkindergarten-berglen.de\/wp-content\/uploads\/2025\/10\/Waldtaufe.jpg 1600w\" sizes=\"auto, (max-width: 1024px) 100vw, 1024px\" \/><\/figure>\n\n\n\n<p>Desweiteren standen die ersten Bastelarbeiten f\u00fcr die diesj\u00e4hrigen \u201eFeuer-Laternen\u201c entsprechend dem Thema Elemente an. Mit Aquarellfarben wurde hierzu eingeweichte und nasse Papiere mit viel Hingabe und Begeisterung \u00fcber das Zusammenflie\u00dfen der Farben und die dadurch entstehenden wundersch\u00f6nen Kunstwerke bemalt. Gespannt warten die Kinder jetzt auf das Vollenden der Laternen nach den Herbstferien.<\/p>\n\n\n\n<figure class=\"wp-block-image size-large\"><img loading=\"lazy\" decoding=\"async\" width=\"768\" height=\"1024\" src=\"https:\/\/waldkindergarten-berglen.de\/wp-content\/uploads\/2025\/10\/Laternebasteln-768x1024.jpg\" alt=\"\" class=\"wp-image-9206\" srcset=\"https:\/\/waldkindergarten-berglen.de\/wp-content\/uploads\/2025\/10\/Laternebasteln-768x1024.jpg 768w, https:\/\/waldkindergarten-berglen.de\/wp-content\/uploads\/2025\/10\/Laternebasteln-225x300.jpg 225w, https:\/\/waldkindergarten-berglen.de\/wp-content\/uploads\/2025\/10\/Laternebasteln-1152x1536.jpg 1152w, https:\/\/waldkindergarten-berglen.de\/wp-content\/uploads\/2025\/10\/Laternebasteln-982x1309.jpg 982w, https:\/\/waldkindergarten-berglen.de\/wp-content\/uploads\/2025\/10\/Laternebasteln-300x400.jpg 300w, https:\/\/waldkindergarten-berglen.de\/wp-content\/uploads\/2025\/10\/Laternebasteln.jpg 1200w\" sizes=\"auto, (max-width: 768px) 100vw, 768px\" \/><\/figure>\n\n\n\n<p>Jahreshauptversammlung<\/p>\n\n\n\n<p>Die diesj\u00e4hrige Jahreshauptversammlung des Waldkindergarten Berglen e.V. fand am Freitag, den 25. Oktober 2025, im B\u00fcrgerhaus Rettersburg statt.<\/p>\n\n\n\n<p>Der Vorstand lie\u00df das Kindergartenjahr 2024\/2025 Revue passieren. Anschlie\u00dfend pr\u00e4sentierte Sandra Rehm anhand zahlreicher Bilder die vielf\u00e4ltigen Aktionen und Erlebnisse der Kinder im vergangenen Jahr.<\/p>\n\n\n\n<p>Danach standen die Neuwahlen auf der Tagesordnung.<\/p>\n\n\n\n<p>Als Vorstand des Waldkindergarten Berglen e.V. wurden gew\u00e4hlt:<\/p>\n\n\n\n<p>Vorstand: Jens Aupperle und Sandra Rehm<\/p>\n\n\n\n<p>Schatzmeisterin: Christine Peters<\/p>\n\n\n\n<p>Beisitzer\/innen: Sarah Piel, Christian Peters und Volker Eisermann<\/p>\n\n\n\n<p>Kassenpr\u00fcfer: Michael M\u00fcller und Tobias Lippoth<\/p>\n\n\n\n<p>Zum Abschluss dankte der Vorstand der Gemeinde Berglen herzlich f\u00fcr ihre finanzielle und tatkr\u00e4ftige Unterst\u00fctzung. Ein besonderer Dank galt hier au\u00dferdem Frau Sigloch, Frau Levai und Frau Ehmann f\u00fcr ihre stets freundliche und hilfsbereite Art sowie ihre Bereitschaft viele Fragen zu beantworten.<\/p>\n\n\n\n<p>Ebenso sprach der Vorstand Harald Gra\u00df seinen Dank f\u00fcr seine engagierte Unterst\u00fctzung aus.<\/p>\n\n\n\n<p><strong><em>Wussten Sie schon?<\/em><\/strong><\/p>\n\n\n\n<p><em>Wenn auf der Nordhalbkugel Herbst ist, dreht sich die Erde geringf\u00fcgig schneller, da die fallenden Bl\u00e4tter das Gewicht n\u00e4her an die Erdachse bringen.<\/em><\/p>\n","protected":false},"excerpt":{"rendered":"<p>n der letzten Woche zeigte der Herbst so richtig, was er kann und lie\u00df das auch die Waldkinder sp\u00fcren: Wechselhaftes Wetter, Sturm, Wind und Regen. Er brachte so nat\u00fcrlich auch vielen neue Spielideen und -anregungen f\u00fcr unsere Waldkinder mit.&nbsp; Am Mittwoch wurde das geplante Programm allerdings im wahrsten Sinne des Wortes weggeweht. Die \u201eFuchsschule\u201c der&hellip; <a href=\"https:\/\/waldkindergarten-berglen.de\/?p=9203\" class=\"more-link\">Weiterlesen <span class=\"screen-reader-text\">St\u00fcrmischer Herbst, die vier Elemente und die Jahreshauptversammlung<\/span><\/a><\/p>\n","protected":false},"author":8,"featured_media":0,"comment_status":"closed","ping_status":"closed","sticky":false,"template":"","format":"standard","meta":{"ngg_post_thumbnail":0,"_jetpack_memberships_contains_paid_content":false,"footnotes":""},"categories":[3],"tags":[],"class_list":["post-9203","post","type-post","status-publish","format-standard","hentry","category-berichte"],"jetpack_featured_media_url":"","jetpack_sharing_enabled":true,"_links":{"self":[{"href":"https:\/\/waldkindergarten-berglen.de\/index.php?rest_route=\/wp\/v2\/posts\/9203","targetHints":{"allow":["GET"]}}],"collection":[{"href":"https:\/\/waldkindergarten-berglen.de\/index.php?rest_route=\/wp\/v2\/posts"}],"about":[{"href":"https:\/\/waldkindergarten-berglen.de\/index.php?rest_route=\/wp\/v2\/types\/post"}],"author":[{"embeddable":true,"href":"https:\/\/waldkindergarten-berglen.de\/index.php?rest_route=\/wp\/v2\/users\/8"}],"replies":[{"embeddable":true,"href":"https:\/\/waldkindergarten-berglen.de\/index.php?rest_route=%2Fwp%2Fv2%2Fcomments&post=9203"}],"version-history":[{"count":1,"href":"https:\/\/waldkindergarten-berglen.de\/index.php?rest_route=\/wp\/v2\/posts\/9203\/revisions"}],"predecessor-version":[{"id":9208,"href":"https:\/\/waldkindergarten-berglen.de\/index.php?rest_route=\/wp\/v2\/posts\/9203\/revisions\/9208"}],"wp:attachment":[{"href":"https:\/\/waldkindergarten-berglen.de\/index.php?rest_route=%2Fwp%2Fv2%2Fmedia&parent=9203"}],"wp:term":[{"taxonomy":"category","embeddable":true,"href":"https:\/\/waldkindergarten-berglen.de\/index.php?rest_route=%2Fwp%2Fv2%2Fcategories&post=9203"},{"taxonomy":"post_tag","embeddable":true,"href":"https:\/\/waldkindergarten-berglen.de\/index.php?rest_route=%2Fwp%2Fv2%2Ftags&post=9203"}],"curies":[{"name":"wp","href":"https:\/\/api.w.org\/{rel}","templated":true}]}}