{"id":9233,"date":"2025-11-24T08:05:00","date_gmt":"2025-11-24T07:05:00","guid":{"rendered":"https:\/\/waldkindergarten-berglen.de\/?p=9233"},"modified":"2025-11-22T17:27:37","modified_gmt":"2025-11-22T16:27:37","slug":"rund-ums-feuer","status":"publish","type":"post","link":"https:\/\/waldkindergarten-berglen.de\/?p=9233","title":{"rendered":"Rund ums Feuer"},"content":{"rendered":"\n<p>Diese Woche drehte sich bei uns alles um das Thema Feuer. Im Morgenkreis haben die Kinder gemeinsam \u00fcberlegt, was ein Feuer zum Brennen braucht und wie die Regeln im Umgang mit Feuer sind. Kinder d\u00fcrfen beispielsweise nie ohne einen Erwachsenen ein Feuer machen. Anschlie\u00dfend ging es mit passenden Experimenten weiter. Was passiert, wenn mein ein Glas \u00fcber ein brennendes Teelicht st\u00fclpt? Macht es einen Unterschied, ob man ein gro\u00dfes oder ein kleines Glas nimmt? Jedes Kind durfte es ausprobieren und alle haben gestaunt.<\/p>\n\n\n\n<figure class=\"wp-block-gallery has-nested-images columns-default is-cropped wp-block-gallery-1 is-layout-flex wp-block-gallery-is-layout-flex\">\n<figure class=\"wp-block-image size-large\"><img loading=\"lazy\" decoding=\"async\" width=\"862\" height=\"647\" data-id=\"9234\" src=\"https:\/\/waldkindergarten-berglen.de\/wp-content\/uploads\/2025\/11\/Experiment.jpg\" alt=\"\" class=\"wp-image-9234\" srcset=\"https:\/\/waldkindergarten-berglen.de\/wp-content\/uploads\/2025\/11\/Experiment.jpg 862w, https:\/\/waldkindergarten-berglen.de\/wp-content\/uploads\/2025\/11\/Experiment-300x225.jpg 300w, https:\/\/waldkindergarten-berglen.de\/wp-content\/uploads\/2025\/11\/Experiment-768x576.jpg 768w, https:\/\/waldkindergarten-berglen.de\/wp-content\/uploads\/2025\/11\/Experiment-400x300.jpg 400w\" sizes=\"auto, (max-width: 862px) 100vw, 862px\" \/><\/figure>\n<\/figure>\n\n\n\n<p>Auch \u00fcber ein anderes Experiment haben alle gestaunt: Ein Teelicht stand in einer Schale mit etwas Wasser. Dann wurde ein Glas \u00fcber die Kerze gest\u00fclpt. Was ist passiert? Wie erwartet ist die Flamme langsam erloschen. Und dann das Erstaunliche: Das Wasser wurde wie von Zauberhand ins Glas gesaugt. Wie spannend!<\/p>\n\n\n\n<p>Und wie kann Feuer sonst noch gel\u00f6scht werden? Man kann es auspusten oder mit Wasser l\u00f6schen, das wussten alle Kinder. Aber geht es auch mit Erde? Auch das haben sie ausprobiert und hierzu ein Feuer in einer Feuerschale gemacht. Es stand ein Eimer mit Wasser und ein Eimer mit Erde bereit. Nacheinander durften die Kinder an eine bestimmte Stelle kommen und entweder mit einem Becher voll Wasser oder einem Becher voll Erde aus sicherer Entfernung versuchen zu l\u00f6schen. Das hat viel Spa\u00df gemacht und gemeinsam haben sie das Feuer gel\u00f6scht.<\/p>\n\n\n\n<p>In der Vorschule arbeiten die \u201eF\u00fcchse\u201c eifrig an ihren Weihnachtskrippen. Diese Woche haben die Kinder ein Schaf getont und den Stall gebaut. Hier entstehen wundersch\u00f6ne und individuelle Krippen. Auch im Morgenkreis waren die Krippen und die Weihnachtsgeschichte bereits Thema. Welche Zeit steht nun bevor? Warum feiern wir Weihnachten und wer war Jesus? Die Kinder stimmen sich auf die Weihnachtszeit ein und die Vorfreude auf den Advent steigt.<\/p>\n\n\n\n<p>Alle, die ebenfalls die Adventszeit und die weihnachtliche Stimmung genie\u00dfen m\u00f6chten, laden wir herzlich zum <strong>Advents \u2013 und Vorweihnachtsmarkt<\/strong> am Schafstall von Jochen Blessing in Rettersburg ein.<\/p>\n\n\n\n<figure class=\"wp-block-gallery has-nested-images columns-default is-cropped wp-block-gallery-2 is-layout-flex wp-block-gallery-is-layout-flex\">\n<figure class=\"wp-block-image size-large\"><img loading=\"lazy\" decoding=\"async\" width=\"724\" height=\"1024\" data-id=\"9235\" src=\"https:\/\/waldkindergarten-berglen.de\/wp-content\/uploads\/2025\/11\/Werbung.jpg\" alt=\"\" class=\"wp-image-9235\" srcset=\"https:\/\/waldkindergarten-berglen.de\/wp-content\/uploads\/2025\/11\/Werbung.jpg 724w, https:\/\/waldkindergarten-berglen.de\/wp-content\/uploads\/2025\/11\/Werbung-212x300.jpg 212w, https:\/\/waldkindergarten-berglen.de\/wp-content\/uploads\/2025\/11\/Werbung-283x400.jpg 283w\" sizes=\"auto, (max-width: 724px) 100vw, 724px\" \/><\/figure>\n<\/figure>\n\n\n\n<p>Wir vom Waldkindergarten werden da sein und leckere, \u00fcber dem Feuer gebackene Waffeln sowie Kaffee, weihnachtlichen Kakao, hausgemachtes Geb\u00e4ck und handgefertigte Kleinigkeiten anbieten. Wir freuen uns auf viele Besucher!<\/p>\n\n\n\n<p><strong>Wussten Sie schon?<\/strong><\/p>\n\n\n\n<p>Bei einem Feuer entsteht warme Luft, die sofort nach oben steigt. Darum tanzen Flammen immer nach oben.<\/p>\n","protected":false},"excerpt":{"rendered":"<p>Diese Woche drehte sich bei uns alles um das Thema Feuer. Im Morgenkreis haben die Kinder gemeinsam \u00fcberlegt, was ein Feuer zum Brennen braucht und wie die Regeln im Umgang mit Feuer sind. Kinder d\u00fcrfen beispielsweise nie ohne einen Erwachsenen ein Feuer machen. Anschlie\u00dfend ging es mit passenden Experimenten weiter. Was passiert, wenn mein ein&hellip; <a href=\"https:\/\/waldkindergarten-berglen.de\/?p=9233\" class=\"more-link\">Weiterlesen <span class=\"screen-reader-text\">Rund ums Feuer<\/span><\/a><\/p>\n","protected":false},"author":10,"featured_media":0,"comment_status":"closed","ping_status":"closed","sticky":false,"template":"","format":"standard","meta":{"ngg_post_thumbnail":0,"_jetpack_memberships_contains_paid_content":false,"footnotes":""},"categories":[3],"tags":[],"class_list":["post-9233","post","type-post","status-publish","format-standard","hentry","category-berichte"],"jetpack_featured_media_url":"","jetpack_sharing_enabled":true,"_links":{"self":[{"href":"https:\/\/waldkindergarten-berglen.de\/index.php?rest_route=\/wp\/v2\/posts\/9233","targetHints":{"allow":["GET"]}}],"collection":[{"href":"https:\/\/waldkindergarten-berglen.de\/index.php?rest_route=\/wp\/v2\/posts"}],"about":[{"href":"https:\/\/waldkindergarten-berglen.de\/index.php?rest_route=\/wp\/v2\/types\/post"}],"author":[{"embeddable":true,"href":"https:\/\/waldkindergarten-berglen.de\/index.php?rest_route=\/wp\/v2\/users\/10"}],"replies":[{"embeddable":true,"href":"https:\/\/waldkindergarten-berglen.de\/index.php?rest_route=%2Fwp%2Fv2%2Fcomments&post=9233"}],"version-history":[{"count":1,"href":"https:\/\/waldkindergarten-berglen.de\/index.php?rest_route=\/wp\/v2\/posts\/9233\/revisions"}],"predecessor-version":[{"id":9236,"href":"https:\/\/waldkindergarten-berglen.de\/index.php?rest_route=\/wp\/v2\/posts\/9233\/revisions\/9236"}],"wp:attachment":[{"href":"https:\/\/waldkindergarten-berglen.de\/index.php?rest_route=%2Fwp%2Fv2%2Fmedia&parent=9233"}],"wp:term":[{"taxonomy":"category","embeddable":true,"href":"https:\/\/waldkindergarten-berglen.de\/index.php?rest_route=%2Fwp%2Fv2%2Fcategories&post=9233"},{"taxonomy":"post_tag","embeddable":true,"href":"https:\/\/waldkindergarten-berglen.de\/index.php?rest_route=%2Fwp%2Fv2%2Ftags&post=9233"}],"curies":[{"name":"wp","href":"https:\/\/api.w.org\/{rel}","templated":true}]}}