{"id":9391,"date":"2026-04-27T08:05:00","date_gmt":"2026-04-27T06:05:00","guid":{"rendered":"https:\/\/waldkindergarten-berglen.de\/?p=9391"},"modified":"2026-04-25T12:48:19","modified_gmt":"2026-04-25T10:48:19","slug":"im-erzaehltheater-der-vorschulkinder","status":"publish","type":"post","link":"https:\/\/waldkindergarten-berglen.de\/?p=9391","title":{"rendered":"Im Erz\u00e4hltheater der Vorschulkinder"},"content":{"rendered":"\n<p>In der Vorschule gestalteten die Kinder eine Geschichte f\u00fcr das Tischtheater \u201eKamishiabai\u201c. Ein Kamishiabei besteht aus einem Holzrahmen mit T\u00fcren und einer Serie von Bildkarten. Ein Erz\u00e4hler sitzt hinter dem Kamishabei und \u00f6ffnet die T\u00fcren, wie bei einem kleinen Theater. W\u00e4hrend die Geschichte erz\u00e4hlt wird, werden Karten mit passenden Bildern nach und nach herausgezogen. Das war diese Woche also die Aufgabe unserer \u201eF\u00fcchse\u201c. Zuerst malte jedes Kind ein Bild zur Geschichte der \u201eWurzelkinder\u201c und lernte im Anschluss einen kurzen Text in Reimform auswendig. \u201eIm Walde unter dichtem Gr\u00fcn sieht man alsbald Maigl\u00f6ckchen bl\u00fchn.\u201c Es war gar nicht so einfach sich die S\u00e4tze zu merken, aber die \u201eF\u00fcchse\u201c sind schlie\u00dflich die Gro\u00dfen und haben sich richtig viel M\u00fche gegeben. Am n\u00e4chsten Tag gaben sie die Vorstellung mutig vor den anderen Kindern zum Besten. Super gemacht!<\/p>\n\n\n\n<figure class=\"wp-block-gallery has-nested-images columns-default is-cropped wp-block-gallery-1 is-layout-flex wp-block-gallery-is-layout-flex\">\n<figure class=\"wp-block-image size-large\"><img loading=\"lazy\" decoding=\"async\" width=\"692\" height=\"519\" data-id=\"9392\" src=\"https:\/\/waldkindergarten-berglen.de\/wp-content\/uploads\/2026\/04\/Tischtheater.jpg\" alt=\"\" class=\"wp-image-9392\" srcset=\"https:\/\/waldkindergarten-berglen.de\/wp-content\/uploads\/2026\/04\/Tischtheater.jpg 692w, https:\/\/waldkindergarten-berglen.de\/wp-content\/uploads\/2026\/04\/Tischtheater-300x225.jpg 300w, https:\/\/waldkindergarten-berglen.de\/wp-content\/uploads\/2026\/04\/Tischtheater-400x300.jpg 400w\" sizes=\"auto, (max-width: 692px) 100vw, 692px\" \/><\/figure>\n<\/figure>\n\n\n\n<p>Im Freispiel nutzten die Vorschulkinder ihr Wissen zum Thema Knoten um gemeinsam mit den Erzieherinnen ein \u201eSpinnennetz\u201c zum Klettern und Ausruhen zu bauen. Der Ankerstich und der Sicherheitsknoten kamen zum Einsatz und es ist ein tolles Kletternetz entstanden. Stolz pr\u00e4sentierten sie es der restlichen Kindergartengruppe. Aus weiteren Seilen und einem Ast haben sie noch eine Wald-Schaukel gebaut. Die Kinder haben wirklich gute Ideen, sind stolz auf ihr Werk und erweiterten spielerisch viele wichtige Kompetenzen f\u00fcr die Schule.<\/p>\n\n\n\n<figure class=\"wp-block-gallery has-nested-images columns-default is-cropped wp-block-gallery-2 is-layout-flex wp-block-gallery-is-layout-flex\">\n<figure class=\"wp-block-image size-large\"><img loading=\"lazy\" decoding=\"async\" width=\"1024\" height=\"768\" data-id=\"9393\" src=\"https:\/\/waldkindergarten-berglen.de\/wp-content\/uploads\/2026\/04\/Netz-1024x768.jpg\" alt=\"\" class=\"wp-image-9393\" srcset=\"https:\/\/waldkindergarten-berglen.de\/wp-content\/uploads\/2026\/04\/Netz-1024x768.jpg 1024w, https:\/\/waldkindergarten-berglen.de\/wp-content\/uploads\/2026\/04\/Netz-300x225.jpg 300w, https:\/\/waldkindergarten-berglen.de\/wp-content\/uploads\/2026\/04\/Netz-768x576.jpg 768w, https:\/\/waldkindergarten-berglen.de\/wp-content\/uploads\/2026\/04\/Netz-1536x1152.jpg 1536w, https:\/\/waldkindergarten-berglen.de\/wp-content\/uploads\/2026\/04\/Netz-982x737.jpg 982w, https:\/\/waldkindergarten-berglen.de\/wp-content\/uploads\/2026\/04\/Netz-400x300.jpg 400w, https:\/\/waldkindergarten-berglen.de\/wp-content\/uploads\/2026\/04\/Netz.jpg 1600w\" sizes=\"auto, (max-width: 1024px) 100vw, 1024px\" \/><\/figure>\n<\/figure>\n\n\n\n<p>Der Fr\u00fchling zeigte sich diese Woche von seiner besten Seite und die Sonne strahlte vom Himmel. Fr\u00f6hlich haben die Kinder das gute Wetter genutzt um mit Wasser und Lehm ausgiebig zu matschen und zu bauen. Mittags war es auch warm genug um barfu\u00df in der Matschgrube zu spielen. Was f\u00fcr ein Spa\u00df und eine tolle Sinneserfahrung!<\/p>\n\n\n\n<figure class=\"wp-block-gallery has-nested-images columns-default is-cropped wp-block-gallery-3 is-layout-flex wp-block-gallery-is-layout-flex\">\n<figure class=\"wp-block-image size-large\"><img loading=\"lazy\" decoding=\"async\" width=\"1024\" height=\"768\" data-id=\"9394\" src=\"https:\/\/waldkindergarten-berglen.de\/wp-content\/uploads\/2026\/04\/Matschgrube-1024x768.jpg\" alt=\"\" class=\"wp-image-9394\" srcset=\"https:\/\/waldkindergarten-berglen.de\/wp-content\/uploads\/2026\/04\/Matschgrube-1024x768.jpg 1024w, https:\/\/waldkindergarten-berglen.de\/wp-content\/uploads\/2026\/04\/Matschgrube-300x225.jpg 300w, https:\/\/waldkindergarten-berglen.de\/wp-content\/uploads\/2026\/04\/Matschgrube-768x576.jpg 768w, https:\/\/waldkindergarten-berglen.de\/wp-content\/uploads\/2026\/04\/Matschgrube-1536x1152.jpg 1536w, https:\/\/waldkindergarten-berglen.de\/wp-content\/uploads\/2026\/04\/Matschgrube-982x737.jpg 982w, https:\/\/waldkindergarten-berglen.de\/wp-content\/uploads\/2026\/04\/Matschgrube-400x300.jpg 400w, https:\/\/waldkindergarten-berglen.de\/wp-content\/uploads\/2026\/04\/Matschgrube.jpg 1600w\" sizes=\"auto, (max-width: 1024px) 100vw, 1024px\" \/><\/figure>\n<\/figure>\n\n\n\n<p><strong>Wussten Sie schon?<\/strong><\/p>\n\n\n\n<p>Bei vielen L\u00f6wenzahnarten ist eine Best\u00e4ubung nicht notwendig. Die Pflanzen, die aus dem L\u00f6wenzahnsamen hervorgehen, sind genetisch mit der Mutterpflanze identisch.<\/p>\n","protected":false},"excerpt":{"rendered":"<p>In der Vorschule gestalteten die Kinder eine Geschichte f\u00fcr das Tischtheater \u201eKamishiabai\u201c. Ein Kamishiabei besteht aus einem Holzrahmen mit T\u00fcren und einer Serie von Bildkarten. Ein Erz\u00e4hler sitzt hinter dem Kamishabei und \u00f6ffnet die T\u00fcren, wie bei einem kleinen Theater. W\u00e4hrend die Geschichte erz\u00e4hlt wird, werden Karten mit passenden Bildern nach und nach herausgezogen. Das&hellip; <a href=\"https:\/\/waldkindergarten-berglen.de\/?p=9391\" class=\"more-link\">Weiterlesen <span class=\"screen-reader-text\">Im Erz\u00e4hltheater der Vorschulkinder<\/span><\/a><\/p>\n","protected":false},"author":10,"featured_media":0,"comment_status":"closed","ping_status":"closed","sticky":false,"template":"","format":"standard","meta":{"ngg_post_thumbnail":0,"_jetpack_memberships_contains_paid_content":false,"footnotes":""},"categories":[3],"tags":[],"class_list":["post-9391","post","type-post","status-publish","format-standard","hentry","category-berichte"],"jetpack_featured_media_url":"","jetpack_sharing_enabled":true,"_links":{"self":[{"href":"https:\/\/waldkindergarten-berglen.de\/index.php?rest_route=\/wp\/v2\/posts\/9391","targetHints":{"allow":["GET"]}}],"collection":[{"href":"https:\/\/waldkindergarten-berglen.de\/index.php?rest_route=\/wp\/v2\/posts"}],"about":[{"href":"https:\/\/waldkindergarten-berglen.de\/index.php?rest_route=\/wp\/v2\/types\/post"}],"author":[{"embeddable":true,"href":"https:\/\/waldkindergarten-berglen.de\/index.php?rest_route=\/wp\/v2\/users\/10"}],"replies":[{"embeddable":true,"href":"https:\/\/waldkindergarten-berglen.de\/index.php?rest_route=%2Fwp%2Fv2%2Fcomments&post=9391"}],"version-history":[{"count":2,"href":"https:\/\/waldkindergarten-berglen.de\/index.php?rest_route=\/wp\/v2\/posts\/9391\/revisions"}],"predecessor-version":[{"id":9396,"href":"https:\/\/waldkindergarten-berglen.de\/index.php?rest_route=\/wp\/v2\/posts\/9391\/revisions\/9396"}],"wp:attachment":[{"href":"https:\/\/waldkindergarten-berglen.de\/index.php?rest_route=%2Fwp%2Fv2%2Fmedia&parent=9391"}],"wp:term":[{"taxonomy":"category","embeddable":true,"href":"https:\/\/waldkindergarten-berglen.de\/index.php?rest_route=%2Fwp%2Fv2%2Fcategories&post=9391"},{"taxonomy":"post_tag","embeddable":true,"href":"https:\/\/waldkindergarten-berglen.de\/index.php?rest_route=%2Fwp%2Fv2%2Ftags&post=9391"}],"curies":[{"name":"wp","href":"https:\/\/api.w.org\/{rel}","templated":true}]}}